{"id":1896,"date":"2019-04-03T12:25:33","date_gmt":"2019-04-03T10:25:33","guid":{"rendered":"http:\/\/www.alcarsrl.it\/?p=1896\/"},"modified":"2021-04-30T16:31:21","modified_gmt":"2021-04-30T14:31:21","slug":"siam-salon-international-de-lagriculture-au-maroc-2019","status":"publish","type":"post","link":"https:\/\/www.alcarsrl.it\/es\/siam-salon-international-de-lagriculture-au-maroc-2019\/","title":{"rendered":"SIAM &#8211; Salon International de l&#8217;Agriculture au Maroc 2019"},"content":{"rendered":"","protected":false},"excerpt":{"rendered":"<p>Agradecemos a todos los clientes y las dem\u00e1s personas que nos visitaron en nuestro stand. Nos veremos en la pr\u00f3xima edici\u00f3n de SIAM-Marocco.<\/p>\n","protected":false},"author":1,"featured_media":1888,"comment_status":"closed","ping_status":"closed","sticky":false,"template":"","format":"standard","meta":{"footnotes":""},"categories":[9,22,5],"tags":[],"class_list":["post-1896","post","type-post","status-publish","format-standard","has-post-thumbnail","hentry","category-eventi-fiere","category-eventos-y-ferias","category-sin-categorizar"],"_links":{"self":[{"href":"https:\/\/www.alcarsrl.it\/es\/wp-json\/wp\/v2\/posts\/1896","targetHints":{"allow":["GET"]}}],"collection":[{"href":"https:\/\/www.alcarsrl.it\/es\/wp-json\/wp\/v2\/posts"}],"about":[{"href":"https:\/\/www.alcarsrl.it\/es\/wp-json\/wp\/v2\/types\/post"}],"author":[{"embeddable":true,"href":"https:\/\/www.alcarsrl.it\/es\/wp-json\/wp\/v2\/users\/1"}],"replies":[{"embeddable":true,"href":"https:\/\/www.alcarsrl.it\/es\/wp-json\/wp\/v2\/comments?post=1896"}],"version-history":[{"count":4,"href":"https:\/\/www.alcarsrl.it\/es\/wp-json\/wp\/v2\/posts\/1896\/revisions"}],"predecessor-version":[{"id":2059,"href":"https:\/\/www.alcarsrl.it\/es\/wp-json\/wp\/v2\/posts\/1896\/revisions\/2059"}],"wp:featuredmedia":[{"embeddable":true,"href":"https:\/\/www.alcarsrl.it\/es\/wp-json\/wp\/v2\/media\/1888"}],"wp:attachment":[{"href":"https:\/\/www.alcarsrl.it\/es\/wp-json\/wp\/v2\/media?parent=1896"}],"wp:term":[{"taxonomy":"category","embeddable":true,"href":"https:\/\/www.alcarsrl.it\/es\/wp-json\/wp\/v2\/categories?post=1896"},{"taxonomy":"post_tag","embeddable":true,"href":"https:\/\/www.alcarsrl.it\/es\/wp-json\/wp\/v2\/tags?post=1896"}],"curies":[{"name":"wp","href":"https:\/\/api.w.org\/{rel}","templated":true}]}}